{"id":2422,"date":"2023-06-26T22:22:35","date_gmt":"2023-06-26T20:22:35","guid":{"rendered":"https:\/\/nms-schwanberg.at\/ms-badschwanberg\/?p=2422"},"modified":"2023-07-04T21:56:12","modified_gmt":"2023-07-04T19:56:12","slug":"wallfahrt-nach-mariazell","status":"publish","type":"post","link":"https:\/\/nms-schwanberg.at\/ms-badschwanberg\/?p=2422","title":{"rendered":"Wallfahrt"},"content":{"rendered":"<p>Die vierten Klassen der MINT-Mittelschule Bad Schwanberg erlebten etwas Einzigartiges in ihrer schulischen Laufbahn: eine dreit\u00e4tige <strong>Wallfahrt nach Mariazell.<\/strong> <!--more-->Vom 31. Mai bis 2. Juni marschierten die Sch\u00fclerInnen und die Organisatoren, Mag. Franz Koch und Mag. Markus Degiampietro, topmotiviert von Neuberg an der M\u00fcrz startend Richtung Mariazell. Komplettiert wurde das teilnehmende Lehrerteam von Lisa Habernegg und Felix Koraimann sowie dem Schulassistenten Sebastian Casagrande. Am ersten Tag ging es von Neuberg an der M\u00fcrz auf das Niederalpl. Am zweiten Tag erreichten die Sch\u00fclerInnen und das Lehrerteam Sankt Sebastian, von wo aus das eigentliche Ziel bereits nicht mehr allzu weit entfernt schien, ehe man schlie\u00dflich am dritten und letzten Tag Mariazell erreichte und einem Abschlussgottesdienst in der Basilika beiwohnte. Ein gro\u00dfer Dank gilt zudem Ulli Pratter vom Musikteam f\u00fcr die musikalische Begleitung und Betreuung der Sch\u00fclerInnen w\u00e4hrend dieses tollen Erlebnisses.<\/p>\nngg_shortcode_0_placeholder\n<div style=\"width: 600px;\" class=\"wp-video\"><video class=\"wp-video-shortcode\" id=\"video-2422-1\" width=\"600\" height=\"338\" preload=\"metadata\" controls=\"controls\"><source type=\"video\/mp4\" src=\"https:\/\/nms-schwanberg.at\/ms-badschwanberg\/wp-content\/uploads\/2023\/06\/20230602_104115.mp4?_=1\" \/><a href=\"https:\/\/nms-schwanberg.at\/ms-badschwanberg\/wp-content\/uploads\/2023\/06\/20230602_104115.mp4\">https:\/\/nms-schwanberg.at\/ms-badschwanberg\/wp-content\/uploads\/2023\/06\/20230602_104115.mp4<\/a><\/video><\/div>\n","protected":false},"excerpt":{"rendered":"<p>Die vierten Klassen der MINT-Mittelschule Bad Schwanberg erlebten etwas Einzigartiges in ihrer schulischen Laufbahn: eine dreit\u00e4tige Wallfahrt nach Mariazell.<\/p>\n","protected":false},"author":1,"featured_media":2469,"comment_status":"closed","ping_status":"closed","sticky":false,"template":"","format":"standard","meta":{"ngg_post_thumbnail":0,"footnotes":""},"categories":[11],"tags":[],"class_list":["post-2422","post","type-post","status-publish","format-standard","has-post-thumbnail","hentry","category-aktuelles"],"_links":{"self":[{"href":"https:\/\/nms-schwanberg.at\/ms-badschwanberg\/index.php?rest_route=\/wp\/v2\/posts\/2422","targetHints":{"allow":["GET"]}}],"collection":[{"href":"https:\/\/nms-schwanberg.at\/ms-badschwanberg\/index.php?rest_route=\/wp\/v2\/posts"}],"about":[{"href":"https:\/\/nms-schwanberg.at\/ms-badschwanberg\/index.php?rest_route=\/wp\/v2\/types\/post"}],"author":[{"embeddable":true,"href":"https:\/\/nms-schwanberg.at\/ms-badschwanberg\/index.php?rest_route=\/wp\/v2\/users\/1"}],"replies":[{"embeddable":true,"href":"https:\/\/nms-schwanberg.at\/ms-badschwanberg\/index.php?rest_route=%2Fwp%2Fv2%2Fcomments&post=2422"}],"version-history":[{"count":0,"href":"https:\/\/nms-schwanberg.at\/ms-badschwanberg\/index.php?rest_route=\/wp\/v2\/posts\/2422\/revisions"}],"wp:featuredmedia":[{"embeddable":true,"href":"https:\/\/nms-schwanberg.at\/ms-badschwanberg\/index.php?rest_route=\/wp\/v2\/media\/2469"}],"wp:attachment":[{"href":"https:\/\/nms-schwanberg.at\/ms-badschwanberg\/index.php?rest_route=%2Fwp%2Fv2%2Fmedia&parent=2422"}],"wp:term":[{"taxonomy":"category","embeddable":true,"href":"https:\/\/nms-schwanberg.at\/ms-badschwanberg\/index.php?rest_route=%2Fwp%2Fv2%2Fcategories&post=2422"},{"taxonomy":"post_tag","embeddable":true,"href":"https:\/\/nms-schwanberg.at\/ms-badschwanberg\/index.php?rest_route=%2Fwp%2Fv2%2Ftags&post=2422"}],"curies":[{"name":"wp","href":"https:\/\/api.w.org\/{rel}","templated":true}]}}